{"id":28049,"date":"2018-03-28T21:19:25","date_gmt":"2018-03-28T19:19:25","guid":{"rendered":"https:\/\/jozwiak.eu\/jozwiak-na-targach-alltex\/"},"modified":"2018-09-07T14:35:26","modified_gmt":"2018-09-07T12:35:26","slug":"jozwiak-auf-alltex-messe","status":"publish","type":"post","link":"https:\/\/jozwiak.eu\/de\/jozwiak-auf-alltex-messe\/","title":{"rendered":"J\u00d3\u0179WIAK auf ALLTEX Messe"},"content":{"rendered":"<div>Nach der Messe in M\u00fcnchen und dem Besuch unserer westlichen Nachbarn ist die Zeit f\u00fcr Kiew gekommen. Am 27.02. &#8211;&nbsp;03.03.2018 haben wir an der internationalen Messe ALLTEX teilgenommen, wo wir unser regelm\u00e4\u00dfiges Angebot und Neuigkeiten pr\u00e4sentierten, die wir f\u00fcr die Fr\u00fchjahr-Sommer-Saison 2019 vorbereitet haben. Wir pr\u00e4sentierten unsere Stoffe in Form von Katalogen, Muster, aber auch als fertige Kleidung f\u00fcr M\u00e4nner und Frauen, die zweifellos die Aufmerksamkeit der Besucher auf sich zogen.<\/div>\n<div>Wir freuen uns sehr, dass unser Stand so interessant war und uns viele interessante Kontakte erm\u00f6glicht hat. Danke f\u00fcr die zahlreichen Treffen und interessanten Gespr\u00e4che w\u00e4hrend der Messe, die es uns nicht nur erm\u00f6glichten, die Bed\u00fcrfnisse unserer \u00f6stlichen Nachbarn besser zu verstehen, sondern auch ihnen die Chance zu geben, sich bei der Gestaltung k\u00fcnftiger Kollektionen von ihrer bunten und \u00e4u\u00dferst interessanten Kultur inspirieren zu lassen!<\/div>\n","protected":false},"excerpt":{"rendered":"<p>Nach der Messe in M\u00fcnchen und dem Besuch unserer westlichen Nachbarn ist die Zeit f\u00fcr [&hellip;]<\/p>\n","protected":false},"author":5,"featured_media":27771,"comment_status":"closed","ping_status":"closed","sticky":false,"template":"","format":"standard","meta":{"_acf_changed":false,"footnotes":""},"categories":[14],"tags":[1244,1245,1246,1247,1248,1249],"class_list":["post-28049","post","type-post","status-publish","format-standard","has-post-thumbnail","hentry","category-nachrichten","tag-targi-de","tag-kijow-de","tag-alltex-de","tag-modameska-de","tag-moda-de","tag-tkaniny-de"],"acf":[],"_links":{"self":[{"href":"https:\/\/jozwiak.eu\/de\/wp-json\/wp\/v2\/posts\/28049","targetHints":{"allow":["GET"]}}],"collection":[{"href":"https:\/\/jozwiak.eu\/de\/wp-json\/wp\/v2\/posts"}],"about":[{"href":"https:\/\/jozwiak.eu\/de\/wp-json\/wp\/v2\/types\/post"}],"author":[{"embeddable":true,"href":"https:\/\/jozwiak.eu\/de\/wp-json\/wp\/v2\/users\/5"}],"replies":[{"embeddable":true,"href":"https:\/\/jozwiak.eu\/de\/wp-json\/wp\/v2\/comments?post=28049"}],"version-history":[{"count":1,"href":"https:\/\/jozwiak.eu\/de\/wp-json\/wp\/v2\/posts\/28049\/revisions"}],"predecessor-version":[{"id":28051,"href":"https:\/\/jozwiak.eu\/de\/wp-json\/wp\/v2\/posts\/28049\/revisions\/28051"}],"wp:featuredmedia":[{"embeddable":true,"href":"https:\/\/jozwiak.eu\/de\/wp-json\/wp\/v2\/media\/27771"}],"wp:attachment":[{"href":"https:\/\/jozwiak.eu\/de\/wp-json\/wp\/v2\/media?parent=28049"}],"wp:term":[{"taxonomy":"category","embeddable":true,"href":"https:\/\/jozwiak.eu\/de\/wp-json\/wp\/v2\/categories?post=28049"},{"taxonomy":"post_tag","embeddable":true,"href":"https:\/\/jozwiak.eu\/de\/wp-json\/wp\/v2\/tags?post=28049"}],"curies":[{"name":"wp","href":"https:\/\/api.w.org\/{rel}","templated":true}]}}