{"id":29593,"date":"2018-08-24T16:24:57","date_gmt":"2018-08-24T14:24:57","guid":{"rendered":"https:\/\/jozwiak.eu\/?p=29593"},"modified":"2018-09-07T14:35:01","modified_gmt":"2018-09-07T12:35:01","slug":"messe-in-brno-ist-bereits-dahinter","status":"publish","type":"post","link":"https:\/\/jozwiak.eu\/de\/messe-in-brno-ist-bereits-dahinter\/","title":{"rendered":"Messe in Brno ist bereits dahinter"},"content":{"rendered":"<p>Wir sind gerade von der STYL-KABO Modemesse in Br\u00fcnn zur\u00fcckgekommen, wo unsere neue Trends f\u00fcr die Saison Herbst-Winter vorgestellt wurden. Wir hatten das Vergn\u00fcgen, unsere Partner zu treffen und eine neue Kollektion unserer Stoffe zu pr\u00e4sentieren. Wir freuen uns, dass unsere Auswahl gut getroffen wurde und wir neue Gesch\u00e4ftsbeziehungen gestartet haben. Es war eine wundervolle Zeit voller Inspiration f\u00fcr unsere Designs in der Zukunft.<\/p>\n<p>Sie k\u00f6nnen Fotos von der Ausstellung und unserem Stand unten finden.<\/p>\n<p>Wir haben uns schon auf eine weitere Reise vorbereitet &#8211;&nbsp;auf die Intertkan-Textilmesse, die vom 27. bis 30. August in Moskau stattfindet. Gern k\u00f6nnen Sie unseren Stand NO3 im Pavillon Nr. 3&nbsp;besuchen.<\/p>\n<p>Wir freuen uns darauf, Sie in Moskau zu sehen!<\/p>\n<p>Weitere Details kommen in K\u00fcrze.<\/p>\n","protected":false},"excerpt":{"rendered":"<p>Wir sind gerade von der STYL-KABO Modemesse in Br\u00fcnn zur\u00fcckgekommen, wo unsere neue Trends f\u00fcr [&hellip;]<\/p>\n","protected":false},"author":106,"featured_media":29584,"comment_status":"closed","ping_status":"closed","sticky":false,"template":"","format":"standard","meta":{"_acf_changed":false,"footnotes":""},"categories":[14],"tags":[],"class_list":["post-29593","post","type-post","status-publish","format-standard","has-post-thumbnail","hentry","category-nachrichten"],"acf":[],"_links":{"self":[{"href":"https:\/\/jozwiak.eu\/de\/wp-json\/wp\/v2\/posts\/29593","targetHints":{"allow":["GET"]}}],"collection":[{"href":"https:\/\/jozwiak.eu\/de\/wp-json\/wp\/v2\/posts"}],"about":[{"href":"https:\/\/jozwiak.eu\/de\/wp-json\/wp\/v2\/types\/post"}],"author":[{"embeddable":true,"href":"https:\/\/jozwiak.eu\/de\/wp-json\/wp\/v2\/users\/106"}],"replies":[{"embeddable":true,"href":"https:\/\/jozwiak.eu\/de\/wp-json\/wp\/v2\/comments?post=29593"}],"version-history":[{"count":2,"href":"https:\/\/jozwiak.eu\/de\/wp-json\/wp\/v2\/posts\/29593\/revisions"}],"predecessor-version":[{"id":29887,"href":"https:\/\/jozwiak.eu\/de\/wp-json\/wp\/v2\/posts\/29593\/revisions\/29887"}],"wp:featuredmedia":[{"embeddable":true,"href":"https:\/\/jozwiak.eu\/de\/wp-json\/wp\/v2\/media\/29584"}],"wp:attachment":[{"href":"https:\/\/jozwiak.eu\/de\/wp-json\/wp\/v2\/media?parent=29593"}],"wp:term":[{"taxonomy":"category","embeddable":true,"href":"https:\/\/jozwiak.eu\/de\/wp-json\/wp\/v2\/categories?post=29593"},{"taxonomy":"post_tag","embeddable":true,"href":"https:\/\/jozwiak.eu\/de\/wp-json\/wp\/v2\/tags?post=29593"}],"curies":[{"name":"wp","href":"https:\/\/api.w.org\/{rel}","templated":true}]}}