{"id":28065,"date":"2018-03-28T21:19:25","date_gmt":"2018-03-28T19:19:25","guid":{"rendered":"https:\/\/jozwiak.eu\/jozwiak-at-alltex-exhibition\/"},"modified":"2018-09-07T14:59:13","modified_gmt":"2018-09-07T12:59:13","slug":"jozwiak-au-salon-alltex","status":"publish","type":"post","link":"https:\/\/jozwiak.eu\/fr\/jozwiak-au-salon-alltex\/","title":{"rendered":"J\u00d3\u0179WIAK au salon ALLTEX"},"content":{"rendered":"<p>Apr\u00e8s le salon de Munich et la visite de nos voisins de l&rsquo;Ouest, il \u00e9tait temps de nous diriger vers l&rsquo;Est, \u00e0 savoir Kiev. Du 27.02 au 03.03.2018, nous avons particip\u00e9 au salon international ALLTEX, o\u00f9 nous avons eu le plaisir de vous pr\u00e9senter notre offre habituelle de tissus mais aussi la nouvelle collection que nous avons pr\u00e9par\u00e9e pour la saison printemps-\u00e9t\u00e9 2019. Nous avons pr\u00e9sent\u00e9 nos tissus sous forme de catalogues, d&rsquo;\u00e9chantillons, mais aussi de v\u00eatements pour hommes et femmes, ce qui a&nbsp;sans aucun doute attir\u00e9 l&rsquo;attention des visiteurs. Nous sommes tr\u00e8s heureux que notre stand ait suscit\u00e9 autant d&rsquo;int\u00e9r\u00eat et nous ait donn\u00e9 l&rsquo;occasion de nouer de nombreuses relations promettantes. Nous sommes reconnaissants pour les nombreuses rencontres et discussions int\u00e9ressantes durant le salon, qui nous ont non seulement permis de mieux comprendre les besoins de nos voisins de l&rsquo;Est, mais aussi de nous inspirer de leur culture color\u00e9e et extr\u00eamement int\u00e9ressante pour nos futures collections !<\/p>\n","protected":false},"excerpt":{"rendered":"<p>Apr\u00e8s le salon de Munich et la visite de nos voisins de l&rsquo;Ouest, il \u00e9tait [&hellip;]<\/p>\n","protected":false},"author":5,"featured_media":27770,"comment_status":"closed","ping_status":"closed","sticky":false,"template":"","format":"standard","meta":{"_acf_changed":false,"footnotes":""},"categories":[1111],"tags":[1260,1261,1256,1257,1258,1259],"class_list":["post-28065","post","type-post","status-publish","format-standard","has-post-thumbnail","hentry","category-actualites","tag-moda-fr","tag-tkaniny-fr","tag-targi-fr","tag-kijow-fr","tag-alltex-fr","tag-modameska-fr"],"acf":[],"_links":{"self":[{"href":"https:\/\/jozwiak.eu\/fr\/wp-json\/wp\/v2\/posts\/28065","targetHints":{"allow":["GET"]}}],"collection":[{"href":"https:\/\/jozwiak.eu\/fr\/wp-json\/wp\/v2\/posts"}],"about":[{"href":"https:\/\/jozwiak.eu\/fr\/wp-json\/wp\/v2\/types\/post"}],"author":[{"embeddable":true,"href":"https:\/\/jozwiak.eu\/fr\/wp-json\/wp\/v2\/users\/5"}],"replies":[{"embeddable":true,"href":"https:\/\/jozwiak.eu\/fr\/wp-json\/wp\/v2\/comments?post=28065"}],"version-history":[{"count":2,"href":"https:\/\/jozwiak.eu\/fr\/wp-json\/wp\/v2\/posts\/28065\/revisions"}],"predecessor-version":[{"id":28067,"href":"https:\/\/jozwiak.eu\/fr\/wp-json\/wp\/v2\/posts\/28065\/revisions\/28067"}],"wp:featuredmedia":[{"embeddable":true,"href":"https:\/\/jozwiak.eu\/fr\/wp-json\/wp\/v2\/media\/27770"}],"wp:attachment":[{"href":"https:\/\/jozwiak.eu\/fr\/wp-json\/wp\/v2\/media?parent=28065"}],"wp:term":[{"taxonomy":"category","embeddable":true,"href":"https:\/\/jozwiak.eu\/fr\/wp-json\/wp\/v2\/categories?post=28065"},{"taxonomy":"post_tag","embeddable":true,"href":"https:\/\/jozwiak.eu\/fr\/wp-json\/wp\/v2\/tags?post=28065"}],"curies":[{"name":"wp","href":"https:\/\/api.w.org\/{rel}","templated":true}]}}