{"id":32293,"date":"2019-03-20T15:49:00","date_gmt":"2019-03-20T14:49:00","guid":{"rendered":"https:\/\/jozwiak.eu\/textile-forum-is-behind-us-interfabric-in-moscow-is-in-progress-and-a-fabric-fair-in-morocco-is-ahead-in-a-week\/"},"modified":"2019-03-25T11:07:51","modified_gmt":"2019-03-25T10:07:51","slug":"textile-forum-est-derriere-nous-interfabric-a-moscou-est-en-progres-et-un-salon-de-tissu-au-maroc-est-dans-une-semaine","status":"publish","type":"post","link":"https:\/\/jozwiak.eu\/fr\/textile-forum-est-derriere-nous-interfabric-a-moscou-est-en-progres-et-un-salon-de-tissu-au-maroc-est-dans-une-semaine\/","title":{"rendered":"Le mois de Mars est encore un mois intensif pour nous en termes de d\u00e9placements dans les diff\u00e9rents salons de tissus."},"content":{"rendered":"<p>La semaine derni\u00e8re, nous avons pr\u00e9sent\u00e9 notre collection au salon Textile Forum \u00e0 Londres, qui ressemblait \u00e0 une mani\u00e8re de boutique. Notre offre s\u2019est av\u00e9r\u00e9e d\u2019un grand int\u00e9r\u00eat pour les visiteurs qui ont particuli\u00e8rement appr\u00e9ci\u00e9 la diversit\u00e9, la multiplicit\u00e9 et la disponibilit\u00e9 imm\u00e9diate de nos tissus. Il est \u00e0 noter que nous \u00e9tions la seule entreprise polonaise \u00e0 avoir eu l&rsquo;occasion de participer \u00e0 cet \u00e9v\u00e9nement prestigieux. Le salon de Londres \u00e9tait relativement petit mais l&rsquo;atmosph\u00e8re et l&rsquo;accueil chaleureux ont entra\u00een\u00e9 de nombreuses r\u00e9unions avec les clients.<\/p>\n<p>Nous participons actuellement \u00e0 la prochaine \u00e9dition d&rsquo;Interfabric \u00e0 Moscou, qui durera jusqu&rsquo;\u00e0 la fin de la semaine. Le salon de tissus dans la capitale Russe est l\u2019un des salons les plus importants, le plus important de l\u2019industrie textile et compte un taux de fr\u00e9quentation tr\u00e8s \u00e9lev\u00e9. D\u00e8s le premier jour, nous avons eu plusieurs conversations avec les clients et nous avons encore trois jours \u00e0 venir.<\/p>\n<p>Nous sommes \u00e9galement heureux d\u2019annoncer que nous participerons \u00e0 un salon textile au Maroc du 28 au 31 mars.<\/p>\n<p>Nous sommes ravis de vous inviter \u00e0 regarder un court reportage photo du dernier salon \u00e0 Londres.<\/p>\n<p>Le salon Textile Forum est derri\u00e8re nous, Interfabric \u00e0 Moscou est en cours et un salon du tissu au Maroc est \u00e0 venir dans une semaine !<br \/>\n<\/br><\/p>\n","protected":false},"excerpt":{"rendered":"<p>La semaine derni\u00e8re, nous avons pr\u00e9sent\u00e9 notre collection au salon Textile Forum \u00e0 Londres, qui [&hellip;]<\/p>\n","protected":false},"author":106,"featured_media":32236,"comment_status":"closed","ping_status":"closed","sticky":false,"template":"","format":"standard","meta":{"_acf_changed":false,"footnotes":""},"categories":[1111],"tags":[],"class_list":["post-32293","post","type-post","status-publish","format-standard","has-post-thumbnail","hentry","category-actualites"],"acf":[],"_links":{"self":[{"href":"https:\/\/jozwiak.eu\/fr\/wp-json\/wp\/v2\/posts\/32293","targetHints":{"allow":["GET"]}}],"collection":[{"href":"https:\/\/jozwiak.eu\/fr\/wp-json\/wp\/v2\/posts"}],"about":[{"href":"https:\/\/jozwiak.eu\/fr\/wp-json\/wp\/v2\/types\/post"}],"author":[{"embeddable":true,"href":"https:\/\/jozwiak.eu\/fr\/wp-json\/wp\/v2\/users\/106"}],"replies":[{"embeddable":true,"href":"https:\/\/jozwiak.eu\/fr\/wp-json\/wp\/v2\/comments?post=32293"}],"version-history":[{"count":5,"href":"https:\/\/jozwiak.eu\/fr\/wp-json\/wp\/v2\/posts\/32293\/revisions"}],"predecessor-version":[{"id":32310,"href":"https:\/\/jozwiak.eu\/fr\/wp-json\/wp\/v2\/posts\/32293\/revisions\/32310"}],"wp:featuredmedia":[{"embeddable":true,"href":"https:\/\/jozwiak.eu\/fr\/wp-json\/wp\/v2\/media\/32236"}],"wp:attachment":[{"href":"https:\/\/jozwiak.eu\/fr\/wp-json\/wp\/v2\/media?parent=32293"}],"wp:term":[{"taxonomy":"category","embeddable":true,"href":"https:\/\/jozwiak.eu\/fr\/wp-json\/wp\/v2\/categories?post=32293"},{"taxonomy":"post_tag","embeddable":true,"href":"https:\/\/jozwiak.eu\/fr\/wp-json\/wp\/v2\/tags?post=32293"}],"curies":[{"name":"wp","href":"https:\/\/api.w.org\/{rel}","templated":true}]}}